{"id":1291,"date":"2023-10-17T16:19:49","date_gmt":"2023-10-17T16:19:49","guid":{"rendered":"https:\/\/www.marellimotori.com\/it-it\/?p=1291"},"modified":"2024-11-14T15:45:59","modified_gmt":"2024-11-14T15:45:59","slug":"vicenzas-foremost-industrial-forum-to-be-held-at-marelli-motori","status":"publish","type":"post","link":"https:\/\/www.marellimotori.com\/it-it\/2023\/10\/17\/vicenzas-foremost-industrial-forum-to-be-held-at-marelli-motori\/","title":{"rendered":"Il pi\u00f9 importante forum industriale di Vicenza si terr\u00e0 alla Marelli Motori"},"content":{"rendered":"<section id=\"block-69905 \" class=\" image-text \">\n<div class=\"text text-content\">\n<h4>Il pi\u00f9 importante forum industriale di Vicenza<\/h4>\n<p>Marelli Motori, leader in Italia nella produzione di motori elettrici e generatori industriali, accoglier\u00e0 oltre 1.000 leader dell&#8217;industria e del governo del Paese presso la sua sede vicino a Vicenza per la prestigiosa Assemblea Generale annuale di Confindustria Vicenza 2023.<\/p>\n<p>Circa 1.200 delegati parteciperanno alla conferenza di tre ore il 20 ottobre, seguita da una cena presso l&#8217;azienda in serata.<\/p>\n<p>\u201cSiamo molto orgogliosi di ospitare Confindustria 2023 e di accogliere tanti stimati ospiti nella nostra sede di Arzignano\u201d, ha dichiarato Alessandro Pedroni, Co-CEO Operations di Marelli Motori.<\/p>\n<p>La conferenza annuale riunisce leader industriali e politici di spicco per discutere di temi economici e politiche industriali con una panoramica sulle strategie di sviluppo. L&#8217;evento sar\u00e0 coperto dai media nazionali.<\/p>\n<p>Sede di Marelli Motori &#8211; Arzignano (VI), dove il 20 ottobre si terr\u00e0 l&#8217;Assemblea Generale di Confindustria Vicenza 2023.<\/p>\n<\/div>\n<\/section>\n<section class=\"images \"><img decoding=\"async\" src=\"https:\/\/www.marellimotori.com\/en-GB\/images\/8770\/marelli-confindustria-a.jpeg\" alt=\"\" \/><\/section>\n<section class=\"images \">\n<div><img decoding=\"async\" src=\"https:\/\/www.marellimotori.com\/en-GB\/images\/8771\/marelli-confindustria-b.jpeg\" alt=\"\" \/><\/div>\n<\/section>\n<section class=\"images \">\n<div><img decoding=\"async\" src=\"https:\/\/www.marellimotori.com\/en-GB\/images\/8772\/marelli-confindustria-logo.jpeg\" alt=\"\" \/><strong style=\"font-family: Gilroy, 'Segoe UI', 'Helvetica Neue', Arial, 'Noto Sans', 'Apple Color Emoji', 'Segoe UI Emoji', 'Segoe UI Symbol', 'Noto Color Emoji', -apple-system, sans-serif;font-size: 1rem\">Confindustria<\/strong><\/div>\n<\/section>\n<section id=\"block-69910 \" class=\" image-text \">\n<div class=\"text text-content\">\n<p>La Confederazione Generale dell\u2019Industria Italiana, comunemente nota come\u00a0<a href=\"https:\/\/en.wikipedia.org\/wiki\/General_Confederation_of_Italian_Industry\">Confindustria<\/a>, comprende 222 associazioni industriali che rappresentano oltre 150.000 aziende e pi\u00f9 di 5 milioni di persone. La conferenza annuale \u00e8 uno dei maggiori eventi di settore in Italia e riunisce i leader dell\u2019industria italiana insieme a personalit\u00e0 politiche locali, regionali e nazionali.<\/p>\n<p><strong>Marelli Motori\u00a0<\/strong><\/p>\n<p>Marelli Motori \u00e8 un produttore leader di motori e generatori elettrici. Fondata ad Arzignano, nell\u2019Italia settentrionale, nel 1891, l\u2019azienda gode di un marchio riconosciuto a livello mondiale nei settori marino, oil &amp; gas, produzione di energia, cogenerazione, idroelettrico e altri settori industriali. Marelli Motori fa parte della<a href=\"https:\/\/www.langleyholdings.com\/en-GB\/power-solutions\">\u00a0Power Solutions Division<\/a>\u00a0del gruppo ingegneristico e industriale britannico,\u00a0<a href=\"https:\/\/www.langleyholdings.com\/en-GB\">Langley Holdings plc,<\/a>\u00a0insieme a Bergen Engines, in Norvegia e Piller Power Systems, in Germania.<\/p>\n<\/div>\n<\/section>\n","protected":false},"excerpt":{"rendered":"<p>Il pi\u00f9 importante forum industriale di Vicenza Marelli Motori, leader in Italia nella produzione di motori elettrici e generatori industriali, accoglier\u00e0 oltre 1.000 leader dell&#8217;industria e del governo del Paese presso la sua sede vicino a Vicenza per la prestigiosa Assemblea Generale annuale di Confindustria Vicenza 2023. Circa 1.200 delegati parteciperanno alla conferenza di tre [&hellip;]<\/p>\n","protected":false},"author":1,"featured_media":1574,"comment_status":"closed","ping_status":"open","sticky":false,"template":"","format":"standard","meta":{"_acf_changed":false,"footnotes":""},"class_list":["post-1291","post","type-post","status-publish","format-standard","has-post-thumbnail","hentry"],"acf":[],"yoast_head":"<!-- This site is optimized with the Yoast SEO plugin v25.4 - https:\/\/yoast.com\/wordpress\/plugins\/seo\/ -->\n<title>Il pi\u00f9 importante forum industriale di Vicenza si terr\u00e0 alla Marelli Motori - Italiano<\/title>\n<meta name=\"robots\" content=\"index, follow, max-snippet:-1, max-image-preview:large, max-video-preview:-1\" \/>\n<link rel=\"canonical\" href=\"https:\/\/www.marellimotori.com\/it-it\/2023\/10\/17\/vicenzas-foremost-industrial-forum-to-be-held-at-marelli-motori\/\" \/>\n<meta property=\"og:locale\" content=\"it_IT\" \/>\n<meta property=\"og:type\" content=\"article\" \/>\n<meta property=\"og:title\" content=\"Il pi\u00f9 importante forum industriale di Vicenza si terr\u00e0 alla Marelli Motori - Italiano\" \/>\n<meta property=\"og:description\" content=\"Il pi\u00f9 importante forum industriale di Vicenza Marelli Motori, leader in Italia nella produzione di motori elettrici e generatori industriali, accoglier\u00e0 oltre 1.000 leader dell&#8217;industria e del governo del Paese presso la sua sede vicino a Vicenza per la prestigiosa Assemblea Generale annuale di Confindustria Vicenza 2023. Circa 1.200 delegati parteciperanno alla conferenza di tre [&hellip;]\" \/>\n<meta property=\"og:url\" content=\"https:\/\/www.marellimotori.com\/it-it\/2023\/10\/17\/vicenzas-foremost-industrial-forum-to-be-held-at-marelli-motori\/\" \/>\n<meta property=\"og:site_name\" content=\"Italiano\" \/>\n<meta property=\"article:published_time\" content=\"2023-10-17T16:19:49+00:00\" \/>\n<meta property=\"article:modified_time\" content=\"2024-11-14T15:45:59+00:00\" \/>\n<meta property=\"og:image\" content=\"https:\/\/www.marellimotori.com\/it-it\/wp-content\/uploads\/sites\/2\/2023\/11\/marelli-building.jpeg\" \/>\n\t<meta property=\"og:image:width\" content=\"409\" \/>\n\t<meta property=\"og:image:height\" content=\"331\" \/>\n\t<meta property=\"og:image:type\" content=\"image\/jpeg\" \/>\n<meta name=\"author\" content=\"Marelli Motori\" \/>\n<meta name=\"twitter:card\" content=\"summary_large_image\" \/>\n<meta name=\"twitter:label1\" content=\"Written by\" \/>\n\t<meta name=\"twitter:data1\" content=\"Marelli Motori\" \/>\n\t<meta name=\"twitter:label2\" content=\"Est. reading time\" \/>\n\t<meta name=\"twitter:data2\" content=\"1 minute\" \/>\n<script type=\"application\/ld+json\" class=\"yoast-schema-graph\">{\"@context\":\"https:\/\/schema.org\",\"@graph\":[{\"@type\":\"Article\",\"@id\":\"https:\/\/www.marellimotori.com\/it-it\/2023\/10\/17\/vicenzas-foremost-industrial-forum-to-be-held-at-marelli-motori\/#article\",\"isPartOf\":{\"@id\":\"https:\/\/www.marellimotori.com\/it-it\/2023\/10\/17\/vicenzas-foremost-industrial-forum-to-be-held-at-marelli-motori\/\"},\"author\":{\"name\":\"Marelli Motori\",\"@id\":\"https:\/\/www.marellimotori.com\/it-it\/#\/schema\/person\/741bf17ace1b8ea4234a1c9fac985b70\"},\"headline\":\"Il pi\u00f9 importante forum industriale di Vicenza si terr\u00e0 alla Marelli Motori\",\"datePublished\":\"2023-10-17T16:19:49+00:00\",\"dateModified\":\"2024-11-14T15:45:59+00:00\",\"mainEntityOfPage\":{\"@id\":\"https:\/\/www.marellimotori.com\/it-it\/2023\/10\/17\/vicenzas-foremost-industrial-forum-to-be-held-at-marelli-motori\/\"},\"wordCount\":276,\"publisher\":{\"@id\":\"https:\/\/www.marellimotori.com\/it-it\/#organization\"},\"image\":{\"@id\":\"https:\/\/www.marellimotori.com\/it-it\/2023\/10\/17\/vicenzas-foremost-industrial-forum-to-be-held-at-marelli-motori\/#primaryimage\"},\"thumbnailUrl\":\"https:\/\/www.marellimotori.com\/it-it\/wp-content\/uploads\/sites\/2\/2024\/01\/DJI_0629-scaled-e1706714192580.jpg\",\"inLanguage\":\"it-IT\"},{\"@type\":\"WebPage\",\"@id\":\"https:\/\/www.marellimotori.com\/it-it\/2023\/10\/17\/vicenzas-foremost-industrial-forum-to-be-held-at-marelli-motori\/\",\"url\":\"https:\/\/www.marellimotori.com\/it-it\/2023\/10\/17\/vicenzas-foremost-industrial-forum-to-be-held-at-marelli-motori\/\",\"name\":\"Il pi\u00f9 importante forum industriale di Vicenza si terr\u00e0 alla Marelli Motori - Italiano\",\"isPartOf\":{\"@id\":\"https:\/\/www.marellimotori.com\/it-it\/#website\"},\"primaryImageOfPage\":{\"@id\":\"https:\/\/www.marellimotori.com\/it-it\/2023\/10\/17\/vicenzas-foremost-industrial-forum-to-be-held-at-marelli-motori\/#primaryimage\"},\"image\":{\"@id\":\"https:\/\/www.marellimotori.com\/it-it\/2023\/10\/17\/vicenzas-foremost-industrial-forum-to-be-held-at-marelli-motori\/#primaryimage\"},\"thumbnailUrl\":\"https:\/\/www.marellimotori.com\/it-it\/wp-content\/uploads\/sites\/2\/2024\/01\/DJI_0629-scaled-e1706714192580.jpg\",\"datePublished\":\"2023-10-17T16:19:49+00:00\",\"dateModified\":\"2024-11-14T15:45:59+00:00\",\"breadcrumb\":{\"@id\":\"https:\/\/www.marellimotori.com\/it-it\/2023\/10\/17\/vicenzas-foremost-industrial-forum-to-be-held-at-marelli-motori\/#breadcrumb\"},\"inLanguage\":\"it-IT\",\"potentialAction\":[{\"@type\":\"ReadAction\",\"target\":[\"https:\/\/www.marellimotori.com\/it-it\/2023\/10\/17\/vicenzas-foremost-industrial-forum-to-be-held-at-marelli-motori\/\"]}]},{\"@type\":\"ImageObject\",\"inLanguage\":\"it-IT\",\"@id\":\"https:\/\/www.marellimotori.com\/it-it\/2023\/10\/17\/vicenzas-foremost-industrial-forum-to-be-held-at-marelli-motori\/#primaryimage\",\"url\":\"https:\/\/www.marellimotori.com\/it-it\/wp-content\/uploads\/sites\/2\/2024\/01\/DJI_0629-scaled-e1706714192580.jpg\",\"contentUrl\":\"https:\/\/www.marellimotori.com\/it-it\/wp-content\/uploads\/sites\/2\/2024\/01\/DJI_0629-scaled-e1706714192580.jpg\",\"width\":444,\"height\":250,\"caption\":\"DCIM100MEDIADJI_0629.JPG\"},{\"@type\":\"BreadcrumbList\",\"@id\":\"https:\/\/www.marellimotori.com\/it-it\/2023\/10\/17\/vicenzas-foremost-industrial-forum-to-be-held-at-marelli-motori\/#breadcrumb\",\"itemListElement\":[{\"@type\":\"ListItem\",\"position\":1,\"name\":\"Home\",\"item\":\"https:\/\/www.marellimotori.com\/it-it\/\"},{\"@type\":\"ListItem\",\"position\":2,\"name\":\"Vicenza\u2019s foremost industrial forum to be held at Marelli Motori\"}]},{\"@type\":\"WebSite\",\"@id\":\"https:\/\/www.marellimotori.com\/it-it\/#website\",\"url\":\"https:\/\/www.marellimotori.com\/it-it\/\",\"name\":\"Italiano\",\"description\":\"Italiano\",\"publisher\":{\"@id\":\"https:\/\/www.marellimotori.com\/it-it\/#organization\"},\"potentialAction\":[{\"@type\":\"SearchAction\",\"target\":{\"@type\":\"EntryPoint\",\"urlTemplate\":\"https:\/\/www.marellimotori.com\/it-it\/?s={search_term_string}\"},\"query-input\":{\"@type\":\"PropertyValueSpecification\",\"valueRequired\":true,\"valueName\":\"search_term_string\"}}],\"inLanguage\":\"it-IT\"},{\"@type\":\"Organization\",\"@id\":\"https:\/\/www.marellimotori.com\/it-it\/#organization\",\"name\":\"Italiano\",\"url\":\"https:\/\/www.marellimotori.com\/it-it\/\",\"logo\":{\"@type\":\"ImageObject\",\"inLanguage\":\"it-IT\",\"@id\":\"https:\/\/www.marellimotori.com\/it-it\/#\/schema\/logo\/image\/\",\"url\":\"https:\/\/www.marellimotori.com\/it-it\/wp-content\/uploads\/sites\/2\/2023\/09\/9254.jpeg\",\"contentUrl\":\"https:\/\/www.marellimotori.com\/it-it\/wp-content\/uploads\/sites\/2\/2023\/09\/9254.jpeg\",\"width\":1000,\"height\":1000,\"caption\":\"Italiano\"},\"image\":{\"@id\":\"https:\/\/www.marellimotori.com\/it-it\/#\/schema\/logo\/image\/\"}},{\"@type\":\"Person\",\"@id\":\"https:\/\/www.marellimotori.com\/it-it\/#\/schema\/person\/741bf17ace1b8ea4234a1c9fac985b70\",\"name\":\"Marelli Motori\",\"image\":{\"@type\":\"ImageObject\",\"inLanguage\":\"it-IT\",\"@id\":\"https:\/\/www.marellimotori.com\/it-it\/#\/schema\/person\/image\/\",\"url\":\"https:\/\/secure.gravatar.com\/avatar\/a3f819c94ee13c6efc2c70434ebbab17249a080de90fc85b4367ef36f889f089?s=96&d=mm&r=g\",\"contentUrl\":\"https:\/\/secure.gravatar.com\/avatar\/a3f819c94ee13c6efc2c70434ebbab17249a080de90fc85b4367ef36f889f089?s=96&d=mm&r=g\",\"caption\":\"Marelli Motori\"},\"sameAs\":[\"http:\/\/www.marellimotori.com\"],\"url\":\"https:\/\/www.marellimotori.com\/it-it\/author\/fwk_digital\/\"}]}<\/script>\n<!-- \/ Yoast SEO plugin. -->","yoast_head_json":{"title":"Il pi\u00f9 importante forum industriale di Vicenza si terr\u00e0 alla Marelli Motori - Italiano","robots":{"index":"index","follow":"follow","max-snippet":"max-snippet:-1","max-image-preview":"max-image-preview:large","max-video-preview":"max-video-preview:-1"},"canonical":"https:\/\/www.marellimotori.com\/it-it\/2023\/10\/17\/vicenzas-foremost-industrial-forum-to-be-held-at-marelli-motori\/","og_locale":"it_IT","og_type":"article","og_title":"Il pi\u00f9 importante forum industriale di Vicenza si terr\u00e0 alla Marelli Motori - Italiano","og_description":"Il pi\u00f9 importante forum industriale di Vicenza Marelli Motori, leader in Italia nella produzione di motori elettrici e generatori industriali, accoglier\u00e0 oltre 1.000 leader dell&#8217;industria e del governo del Paese presso la sua sede vicino a Vicenza per la prestigiosa Assemblea Generale annuale di Confindustria Vicenza 2023. Circa 1.200 delegati parteciperanno alla conferenza di tre [&hellip;]","og_url":"https:\/\/www.marellimotori.com\/it-it\/2023\/10\/17\/vicenzas-foremost-industrial-forum-to-be-held-at-marelli-motori\/","og_site_name":"Italiano","article_published_time":"2023-10-17T16:19:49+00:00","article_modified_time":"2024-11-14T15:45:59+00:00","og_image":[{"width":409,"height":331,"url":"https:\/\/www.marellimotori.com\/it-it\/wp-content\/uploads\/sites\/2\/2023\/11\/marelli-building.jpeg","type":"image\/jpeg"}],"author":"Marelli Motori","twitter_card":"summary_large_image","twitter_misc":{"Written by":"Marelli Motori","Est. reading time":"1 minute"},"schema":{"@context":"https:\/\/schema.org","@graph":[{"@type":"Article","@id":"https:\/\/www.marellimotori.com\/it-it\/2023\/10\/17\/vicenzas-foremost-industrial-forum-to-be-held-at-marelli-motori\/#article","isPartOf":{"@id":"https:\/\/www.marellimotori.com\/it-it\/2023\/10\/17\/vicenzas-foremost-industrial-forum-to-be-held-at-marelli-motori\/"},"author":{"name":"Marelli Motori","@id":"https:\/\/www.marellimotori.com\/it-it\/#\/schema\/person\/741bf17ace1b8ea4234a1c9fac985b70"},"headline":"Il pi\u00f9 importante forum industriale di Vicenza si terr\u00e0 alla Marelli Motori","datePublished":"2023-10-17T16:19:49+00:00","dateModified":"2024-11-14T15:45:59+00:00","mainEntityOfPage":{"@id":"https:\/\/www.marellimotori.com\/it-it\/2023\/10\/17\/vicenzas-foremost-industrial-forum-to-be-held-at-marelli-motori\/"},"wordCount":276,"publisher":{"@id":"https:\/\/www.marellimotori.com\/it-it\/#organization"},"image":{"@id":"https:\/\/www.marellimotori.com\/it-it\/2023\/10\/17\/vicenzas-foremost-industrial-forum-to-be-held-at-marelli-motori\/#primaryimage"},"thumbnailUrl":"https:\/\/www.marellimotori.com\/it-it\/wp-content\/uploads\/sites\/2\/2024\/01\/DJI_0629-scaled-e1706714192580.jpg","inLanguage":"it-IT"},{"@type":"WebPage","@id":"https:\/\/www.marellimotori.com\/it-it\/2023\/10\/17\/vicenzas-foremost-industrial-forum-to-be-held-at-marelli-motori\/","url":"https:\/\/www.marellimotori.com\/it-it\/2023\/10\/17\/vicenzas-foremost-industrial-forum-to-be-held-at-marelli-motori\/","name":"Il pi\u00f9 importante forum industriale di Vicenza si terr\u00e0 alla Marelli Motori - Italiano","isPartOf":{"@id":"https:\/\/www.marellimotori.com\/it-it\/#website"},"primaryImageOfPage":{"@id":"https:\/\/www.marellimotori.com\/it-it\/2023\/10\/17\/vicenzas-foremost-industrial-forum-to-be-held-at-marelli-motori\/#primaryimage"},"image":{"@id":"https:\/\/www.marellimotori.com\/it-it\/2023\/10\/17\/vicenzas-foremost-industrial-forum-to-be-held-at-marelli-motori\/#primaryimage"},"thumbnailUrl":"https:\/\/www.marellimotori.com\/it-it\/wp-content\/uploads\/sites\/2\/2024\/01\/DJI_0629-scaled-e1706714192580.jpg","datePublished":"2023-10-17T16:19:49+00:00","dateModified":"2024-11-14T15:45:59+00:00","breadcrumb":{"@id":"https:\/\/www.marellimotori.com\/it-it\/2023\/10\/17\/vicenzas-foremost-industrial-forum-to-be-held-at-marelli-motori\/#breadcrumb"},"inLanguage":"it-IT","potentialAction":[{"@type":"ReadAction","target":["https:\/\/www.marellimotori.com\/it-it\/2023\/10\/17\/vicenzas-foremost-industrial-forum-to-be-held-at-marelli-motori\/"]}]},{"@type":"ImageObject","inLanguage":"it-IT","@id":"https:\/\/www.marellimotori.com\/it-it\/2023\/10\/17\/vicenzas-foremost-industrial-forum-to-be-held-at-marelli-motori\/#primaryimage","url":"https:\/\/www.marellimotori.com\/it-it\/wp-content\/uploads\/sites\/2\/2024\/01\/DJI_0629-scaled-e1706714192580.jpg","contentUrl":"https:\/\/www.marellimotori.com\/it-it\/wp-content\/uploads\/sites\/2\/2024\/01\/DJI_0629-scaled-e1706714192580.jpg","width":444,"height":250,"caption":"DCIM100MEDIADJI_0629.JPG"},{"@type":"BreadcrumbList","@id":"https:\/\/www.marellimotori.com\/it-it\/2023\/10\/17\/vicenzas-foremost-industrial-forum-to-be-held-at-marelli-motori\/#breadcrumb","itemListElement":[{"@type":"ListItem","position":1,"name":"Home","item":"https:\/\/www.marellimotori.com\/it-it\/"},{"@type":"ListItem","position":2,"name":"Vicenza\u2019s foremost industrial forum to be held at Marelli Motori"}]},{"@type":"WebSite","@id":"https:\/\/www.marellimotori.com\/it-it\/#website","url":"https:\/\/www.marellimotori.com\/it-it\/","name":"Italiano","description":"Italiano","publisher":{"@id":"https:\/\/www.marellimotori.com\/it-it\/#organization"},"potentialAction":[{"@type":"SearchAction","target":{"@type":"EntryPoint","urlTemplate":"https:\/\/www.marellimotori.com\/it-it\/?s={search_term_string}"},"query-input":{"@type":"PropertyValueSpecification","valueRequired":true,"valueName":"search_term_string"}}],"inLanguage":"it-IT"},{"@type":"Organization","@id":"https:\/\/www.marellimotori.com\/it-it\/#organization","name":"Italiano","url":"https:\/\/www.marellimotori.com\/it-it\/","logo":{"@type":"ImageObject","inLanguage":"it-IT","@id":"https:\/\/www.marellimotori.com\/it-it\/#\/schema\/logo\/image\/","url":"https:\/\/www.marellimotori.com\/it-it\/wp-content\/uploads\/sites\/2\/2023\/09\/9254.jpeg","contentUrl":"https:\/\/www.marellimotori.com\/it-it\/wp-content\/uploads\/sites\/2\/2023\/09\/9254.jpeg","width":1000,"height":1000,"caption":"Italiano"},"image":{"@id":"https:\/\/www.marellimotori.com\/it-it\/#\/schema\/logo\/image\/"}},{"@type":"Person","@id":"https:\/\/www.marellimotori.com\/it-it\/#\/schema\/person\/741bf17ace1b8ea4234a1c9fac985b70","name":"Marelli Motori","image":{"@type":"ImageObject","inLanguage":"it-IT","@id":"https:\/\/www.marellimotori.com\/it-it\/#\/schema\/person\/image\/","url":"https:\/\/secure.gravatar.com\/avatar\/a3f819c94ee13c6efc2c70434ebbab17249a080de90fc85b4367ef36f889f089?s=96&d=mm&r=g","contentUrl":"https:\/\/secure.gravatar.com\/avatar\/a3f819c94ee13c6efc2c70434ebbab17249a080de90fc85b4367ef36f889f089?s=96&d=mm&r=g","caption":"Marelli Motori"},"sameAs":["http:\/\/www.marellimotori.com"],"url":"https:\/\/www.marellimotori.com\/it-it\/author\/fwk_digital\/"}]}},"_links":{"self":[{"href":"https:\/\/www.marellimotori.com\/it-it\/wp-json\/wp\/v2\/posts\/1291","targetHints":{"allow":["GET"]}}],"collection":[{"href":"https:\/\/www.marellimotori.com\/it-it\/wp-json\/wp\/v2\/posts"}],"about":[{"href":"https:\/\/www.marellimotori.com\/it-it\/wp-json\/wp\/v2\/types\/post"}],"author":[{"embeddable":true,"href":"https:\/\/www.marellimotori.com\/it-it\/wp-json\/wp\/v2\/users\/1"}],"replies":[{"embeddable":true,"href":"https:\/\/www.marellimotori.com\/it-it\/wp-json\/wp\/v2\/comments?post=1291"}],"version-history":[{"count":3,"href":"https:\/\/www.marellimotori.com\/it-it\/wp-json\/wp\/v2\/posts\/1291\/revisions"}],"predecessor-version":[{"id":1958,"href":"https:\/\/www.marellimotori.com\/it-it\/wp-json\/wp\/v2\/posts\/1291\/revisions\/1958"}],"wp:featuredmedia":[{"embeddable":true,"href":"https:\/\/www.marellimotori.com\/it-it\/wp-json\/wp\/v2\/media\/1574"}],"wp:attachment":[{"href":"https:\/\/www.marellimotori.com\/it-it\/wp-json\/wp\/v2\/media?parent=1291"}],"curies":[{"name":"wp","href":"https:\/\/api.w.org\/{rel}","templated":true}]}}