{"id":1959,"date":"2024-11-18T13:55:56","date_gmt":"2024-11-18T13:55:56","guid":{"rendered":"https:\/\/www.marellimotori.com\/it-it\/?p=1959"},"modified":"2024-11-19T08:29:22","modified_gmt":"2024-11-19T08:29:22","slug":"siamo-presenti-a-hydro-2024-graz","status":"publish","type":"post","link":"https:\/\/www.marellimotori.com\/it-it\/2024\/11\/18\/siamo-presenti-a-hydro-2024-graz\/","title":{"rendered":"Siamo presenti a Hydro 2024, Graz"},"content":{"rendered":"<p>Con l&#8217;evento Hydro 2024 di Graz concludiamo con grande soddisfazione questo importante anno ricco di collaborazioni fruttuose e nuove prospettive.<\/p>\n<p>Ringraziamo i nostri stimati clienti e guardiamo al futuro con l&#8217;obiettivo di creare nuove sinergie che possano arricchire la nostra\u00a0rete.<\/p>\n<p>Marelli Motori, forte della sua lunga esperienza e competenza nel settore, continua ad investire nell&#8217;innovazione per rispondere alle sfide di un mercato dinamico e in continua evoluzione.<\/p>\n<p>Il nostro impegno \u00e8 quello di offrire soluzioni sempre pi\u00f9 efficienti e sostenibili che soddisfino le richieste pi\u00f9 esigenti dei nostri clienti.<\/p>\n<p>Fermatevi allo stand #43 per saperne di pi\u00f9 sui nostri prodotti. Non vediamo l&#8217;ora di vedervi!<\/p>\n","protected":false},"excerpt":{"rendered":"<p>Con l&#8217;evento Hydro 2024 di Graz concludiamo con grande soddisfazione questo importante anno ricco di collaborazioni fruttuose e nuove prospettive. Ringraziamo i nostri stimati clienti e guardiamo al futuro con l&#8217;obiettivo di creare nuove sinergie che possano arricchire la nostra\u00a0rete. Marelli Motori, forte della sua lunga esperienza e competenza nel settore, continua ad investire nell&#8217;innovazione [&hellip;]<\/p>\n","protected":false},"author":3,"featured_media":1964,"comment_status":"closed","ping_status":"open","sticky":false,"template":"","format":"standard","meta":{"_acf_changed":false,"footnotes":""},"class_list":["post-1959","post","type-post","status-publish","format-standard","has-post-thumbnail","hentry"],"acf":[],"yoast_head":"<!-- This site is optimized with the Yoast SEO plugin v25.4 - https:\/\/yoast.com\/wordpress\/plugins\/seo\/ -->\n<title>Siamo presenti a Hydro 2024, Graz - Italiano<\/title>\n<meta name=\"robots\" content=\"index, follow, max-snippet:-1, max-image-preview:large, max-video-preview:-1\" \/>\n<link rel=\"canonical\" href=\"https:\/\/www.marellimotori.com\/it-it\/?p=1959\" \/>\n<meta property=\"og:locale\" content=\"it_IT\" \/>\n<meta property=\"og:type\" content=\"article\" \/>\n<meta property=\"og:title\" content=\"Siamo presenti a Hydro 2024, Graz - Italiano\" \/>\n<meta property=\"og:description\" content=\"Con l&#8217;evento Hydro 2024 di Graz concludiamo con grande soddisfazione questo importante anno ricco di collaborazioni fruttuose e nuove prospettive. Ringraziamo i nostri stimati clienti e guardiamo al futuro con l&#8217;obiettivo di creare nuove sinergie che possano arricchire la nostra\u00a0rete. Marelli Motori, forte della sua lunga esperienza e competenza nel settore, continua ad investire nell&#8217;innovazione [&hellip;]\" \/>\n<meta property=\"og:url\" content=\"https:\/\/www.marellimotori.com\/it-it\/?p=1959\" \/>\n<meta property=\"og:site_name\" content=\"Italiano\" \/>\n<meta property=\"article:published_time\" content=\"2024-11-18T13:55:56+00:00\" \/>\n<meta property=\"article:modified_time\" content=\"2024-11-19T08:29:22+00:00\" \/>\n<meta name=\"author\" content=\"giadalorenzi\" \/>\n<meta name=\"twitter:card\" content=\"summary_large_image\" \/>\n<meta name=\"twitter:label1\" content=\"Written by\" \/>\n\t<meta name=\"twitter:data1\" content=\"giadalorenzi\" \/>\n\t<meta name=\"twitter:label2\" content=\"Est. reading time\" \/>\n\t<meta name=\"twitter:data2\" content=\"1 minute\" \/>\n<script type=\"application\/ld+json\" class=\"yoast-schema-graph\">{\"@context\":\"https:\/\/schema.org\",\"@graph\":[{\"@type\":\"Article\",\"@id\":\"https:\/\/www.marellimotori.com\/it-it\/?p=1959#article\",\"isPartOf\":{\"@id\":\"https:\/\/www.marellimotori.com\/it-it\/?p=1959\"},\"author\":{\"name\":\"giadalorenzi\",\"@id\":\"https:\/\/www.marellimotori.com\/it-it\/#\/schema\/person\/f970361ae2168e7f9ea5560f97b4099f\"},\"headline\":\"Siamo presenti a Hydro 2024, Graz\",\"datePublished\":\"2024-11-18T13:55:56+00:00\",\"dateModified\":\"2024-11-19T08:29:22+00:00\",\"mainEntityOfPage\":{\"@id\":\"https:\/\/www.marellimotori.com\/it-it\/?p=1959\"},\"wordCount\":112,\"publisher\":{\"@id\":\"https:\/\/www.marellimotori.com\/it-it\/#organization\"},\"image\":{\"@id\":\"https:\/\/www.marellimotori.com\/it-it\/?p=1959#primaryimage\"},\"thumbnailUrl\":\"https:\/\/www.marellimotori.com\/it-it\/wp-content\/uploads\/sites\/2\/2024\/11\/IMG-20241119-WA0001.jpg\",\"inLanguage\":\"it-IT\"},{\"@type\":\"WebPage\",\"@id\":\"https:\/\/www.marellimotori.com\/it-it\/?p=1959\",\"url\":\"https:\/\/www.marellimotori.com\/it-it\/?p=1959\",\"name\":\"Siamo presenti a Hydro 2024, Graz - Italiano\",\"isPartOf\":{\"@id\":\"https:\/\/www.marellimotori.com\/it-it\/#website\"},\"primaryImageOfPage\":{\"@id\":\"https:\/\/www.marellimotori.com\/it-it\/?p=1959#primaryimage\"},\"image\":{\"@id\":\"https:\/\/www.marellimotori.com\/it-it\/?p=1959#primaryimage\"},\"thumbnailUrl\":\"https:\/\/www.marellimotori.com\/it-it\/wp-content\/uploads\/sites\/2\/2024\/11\/IMG-20241119-WA0001.jpg\",\"datePublished\":\"2024-11-18T13:55:56+00:00\",\"dateModified\":\"2024-11-19T08:29:22+00:00\",\"breadcrumb\":{\"@id\":\"https:\/\/www.marellimotori.com\/it-it\/?p=1959#breadcrumb\"},\"inLanguage\":\"it-IT\",\"potentialAction\":[{\"@type\":\"ReadAction\",\"target\":[\"https:\/\/www.marellimotori.com\/it-it\/?p=1959\"]}]},{\"@type\":\"ImageObject\",\"inLanguage\":\"it-IT\",\"@id\":\"https:\/\/www.marellimotori.com\/it-it\/?p=1959#primaryimage\",\"url\":\"https:\/\/www.marellimotori.com\/it-it\/wp-content\/uploads\/sites\/2\/2024\/11\/IMG-20241119-WA0001.jpg\",\"contentUrl\":\"https:\/\/www.marellimotori.com\/it-it\/wp-content\/uploads\/sites\/2\/2024\/11\/IMG-20241119-WA0001.jpg\",\"width\":1714,\"height\":1079},{\"@type\":\"BreadcrumbList\",\"@id\":\"https:\/\/www.marellimotori.com\/it-it\/?p=1959#breadcrumb\",\"itemListElement\":[{\"@type\":\"ListItem\",\"position\":1,\"name\":\"Home\",\"item\":\"https:\/\/www.marellimotori.com\/it-it\/\"},{\"@type\":\"ListItem\",\"position\":2,\"name\":\"Siamo presenti a Hydro 2024, Graz\"}]},{\"@type\":\"WebSite\",\"@id\":\"https:\/\/www.marellimotori.com\/it-it\/#website\",\"url\":\"https:\/\/www.marellimotori.com\/it-it\/\",\"name\":\"Italiano\",\"description\":\"Italiano\",\"publisher\":{\"@id\":\"https:\/\/www.marellimotori.com\/it-it\/#organization\"},\"potentialAction\":[{\"@type\":\"SearchAction\",\"target\":{\"@type\":\"EntryPoint\",\"urlTemplate\":\"https:\/\/www.marellimotori.com\/it-it\/?s={search_term_string}\"},\"query-input\":{\"@type\":\"PropertyValueSpecification\",\"valueRequired\":true,\"valueName\":\"search_term_string\"}}],\"inLanguage\":\"it-IT\"},{\"@type\":\"Organization\",\"@id\":\"https:\/\/www.marellimotori.com\/it-it\/#organization\",\"name\":\"Italiano\",\"url\":\"https:\/\/www.marellimotori.com\/it-it\/\",\"logo\":{\"@type\":\"ImageObject\",\"inLanguage\":\"it-IT\",\"@id\":\"https:\/\/www.marellimotori.com\/it-it\/#\/schema\/logo\/image\/\",\"url\":\"https:\/\/www.marellimotori.com\/it-it\/wp-content\/uploads\/sites\/2\/2023\/09\/9254.jpeg\",\"contentUrl\":\"https:\/\/www.marellimotori.com\/it-it\/wp-content\/uploads\/sites\/2\/2023\/09\/9254.jpeg\",\"width\":1000,\"height\":1000,\"caption\":\"Italiano\"},\"image\":{\"@id\":\"https:\/\/www.marellimotori.com\/it-it\/#\/schema\/logo\/image\/\"}},{\"@type\":\"Person\",\"@id\":\"https:\/\/www.marellimotori.com\/it-it\/#\/schema\/person\/f970361ae2168e7f9ea5560f97b4099f\",\"name\":\"giadalorenzi\",\"image\":{\"@type\":\"ImageObject\",\"inLanguage\":\"it-IT\",\"@id\":\"https:\/\/www.marellimotori.com\/it-it\/#\/schema\/person\/image\/\",\"url\":\"https:\/\/secure.gravatar.com\/avatar\/d2e69c7b438518d54db233439f32ed87f8f36fd9b88a12e845d6b4cbc611dc34?s=96&d=mm&r=g\",\"contentUrl\":\"https:\/\/secure.gravatar.com\/avatar\/d2e69c7b438518d54db233439f32ed87f8f36fd9b88a12e845d6b4cbc611dc34?s=96&d=mm&r=g\",\"caption\":\"giadalorenzi\"},\"url\":\"https:\/\/www.marellimotori.com\/it-it\/author\/giadalorenzi\/\"}]}<\/script>\n<!-- \/ Yoast SEO plugin. -->","yoast_head_json":{"title":"Siamo presenti a Hydro 2024, Graz - Italiano","robots":{"index":"index","follow":"follow","max-snippet":"max-snippet:-1","max-image-preview":"max-image-preview:large","max-video-preview":"max-video-preview:-1"},"canonical":"https:\/\/www.marellimotori.com\/it-it\/?p=1959","og_locale":"it_IT","og_type":"article","og_title":"Siamo presenti a Hydro 2024, Graz - Italiano","og_description":"Con l&#8217;evento Hydro 2024 di Graz concludiamo con grande soddisfazione questo importante anno ricco di collaborazioni fruttuose e nuove prospettive. Ringraziamo i nostri stimati clienti e guardiamo al futuro con l&#8217;obiettivo di creare nuove sinergie che possano arricchire la nostra\u00a0rete. Marelli Motori, forte della sua lunga esperienza e competenza nel settore, continua ad investire nell&#8217;innovazione [&hellip;]","og_url":"https:\/\/www.marellimotori.com\/it-it\/?p=1959","og_site_name":"Italiano","article_published_time":"2024-11-18T13:55:56+00:00","article_modified_time":"2024-11-19T08:29:22+00:00","author":"giadalorenzi","twitter_card":"summary_large_image","twitter_misc":{"Written by":"giadalorenzi","Est. reading time":"1 minute"},"schema":{"@context":"https:\/\/schema.org","@graph":[{"@type":"Article","@id":"https:\/\/www.marellimotori.com\/it-it\/?p=1959#article","isPartOf":{"@id":"https:\/\/www.marellimotori.com\/it-it\/?p=1959"},"author":{"name":"giadalorenzi","@id":"https:\/\/www.marellimotori.com\/it-it\/#\/schema\/person\/f970361ae2168e7f9ea5560f97b4099f"},"headline":"Siamo presenti a Hydro 2024, Graz","datePublished":"2024-11-18T13:55:56+00:00","dateModified":"2024-11-19T08:29:22+00:00","mainEntityOfPage":{"@id":"https:\/\/www.marellimotori.com\/it-it\/?p=1959"},"wordCount":112,"publisher":{"@id":"https:\/\/www.marellimotori.com\/it-it\/#organization"},"image":{"@id":"https:\/\/www.marellimotori.com\/it-it\/?p=1959#primaryimage"},"thumbnailUrl":"https:\/\/www.marellimotori.com\/it-it\/wp-content\/uploads\/sites\/2\/2024\/11\/IMG-20241119-WA0001.jpg","inLanguage":"it-IT"},{"@type":"WebPage","@id":"https:\/\/www.marellimotori.com\/it-it\/?p=1959","url":"https:\/\/www.marellimotori.com\/it-it\/?p=1959","name":"Siamo presenti a Hydro 2024, Graz - Italiano","isPartOf":{"@id":"https:\/\/www.marellimotori.com\/it-it\/#website"},"primaryImageOfPage":{"@id":"https:\/\/www.marellimotori.com\/it-it\/?p=1959#primaryimage"},"image":{"@id":"https:\/\/www.marellimotori.com\/it-it\/?p=1959#primaryimage"},"thumbnailUrl":"https:\/\/www.marellimotori.com\/it-it\/wp-content\/uploads\/sites\/2\/2024\/11\/IMG-20241119-WA0001.jpg","datePublished":"2024-11-18T13:55:56+00:00","dateModified":"2024-11-19T08:29:22+00:00","breadcrumb":{"@id":"https:\/\/www.marellimotori.com\/it-it\/?p=1959#breadcrumb"},"inLanguage":"it-IT","potentialAction":[{"@type":"ReadAction","target":["https:\/\/www.marellimotori.com\/it-it\/?p=1959"]}]},{"@type":"ImageObject","inLanguage":"it-IT","@id":"https:\/\/www.marellimotori.com\/it-it\/?p=1959#primaryimage","url":"https:\/\/www.marellimotori.com\/it-it\/wp-content\/uploads\/sites\/2\/2024\/11\/IMG-20241119-WA0001.jpg","contentUrl":"https:\/\/www.marellimotori.com\/it-it\/wp-content\/uploads\/sites\/2\/2024\/11\/IMG-20241119-WA0001.jpg","width":1714,"height":1079},{"@type":"BreadcrumbList","@id":"https:\/\/www.marellimotori.com\/it-it\/?p=1959#breadcrumb","itemListElement":[{"@type":"ListItem","position":1,"name":"Home","item":"https:\/\/www.marellimotori.com\/it-it\/"},{"@type":"ListItem","position":2,"name":"Siamo presenti a Hydro 2024, Graz"}]},{"@type":"WebSite","@id":"https:\/\/www.marellimotori.com\/it-it\/#website","url":"https:\/\/www.marellimotori.com\/it-it\/","name":"Italiano","description":"Italiano","publisher":{"@id":"https:\/\/www.marellimotori.com\/it-it\/#organization"},"potentialAction":[{"@type":"SearchAction","target":{"@type":"EntryPoint","urlTemplate":"https:\/\/www.marellimotori.com\/it-it\/?s={search_term_string}"},"query-input":{"@type":"PropertyValueSpecification","valueRequired":true,"valueName":"search_term_string"}}],"inLanguage":"it-IT"},{"@type":"Organization","@id":"https:\/\/www.marellimotori.com\/it-it\/#organization","name":"Italiano","url":"https:\/\/www.marellimotori.com\/it-it\/","logo":{"@type":"ImageObject","inLanguage":"it-IT","@id":"https:\/\/www.marellimotori.com\/it-it\/#\/schema\/logo\/image\/","url":"https:\/\/www.marellimotori.com\/it-it\/wp-content\/uploads\/sites\/2\/2023\/09\/9254.jpeg","contentUrl":"https:\/\/www.marellimotori.com\/it-it\/wp-content\/uploads\/sites\/2\/2023\/09\/9254.jpeg","width":1000,"height":1000,"caption":"Italiano"},"image":{"@id":"https:\/\/www.marellimotori.com\/it-it\/#\/schema\/logo\/image\/"}},{"@type":"Person","@id":"https:\/\/www.marellimotori.com\/it-it\/#\/schema\/person\/f970361ae2168e7f9ea5560f97b4099f","name":"giadalorenzi","image":{"@type":"ImageObject","inLanguage":"it-IT","@id":"https:\/\/www.marellimotori.com\/it-it\/#\/schema\/person\/image\/","url":"https:\/\/secure.gravatar.com\/avatar\/d2e69c7b438518d54db233439f32ed87f8f36fd9b88a12e845d6b4cbc611dc34?s=96&d=mm&r=g","contentUrl":"https:\/\/secure.gravatar.com\/avatar\/d2e69c7b438518d54db233439f32ed87f8f36fd9b88a12e845d6b4cbc611dc34?s=96&d=mm&r=g","caption":"giadalorenzi"},"url":"https:\/\/www.marellimotori.com\/it-it\/author\/giadalorenzi\/"}]}},"_links":{"self":[{"href":"https:\/\/www.marellimotori.com\/it-it\/wp-json\/wp\/v2\/posts\/1959","targetHints":{"allow":["GET"]}}],"collection":[{"href":"https:\/\/www.marellimotori.com\/it-it\/wp-json\/wp\/v2\/posts"}],"about":[{"href":"https:\/\/www.marellimotori.com\/it-it\/wp-json\/wp\/v2\/types\/post"}],"author":[{"embeddable":true,"href":"https:\/\/www.marellimotori.com\/it-it\/wp-json\/wp\/v2\/users\/3"}],"replies":[{"embeddable":true,"href":"https:\/\/www.marellimotori.com\/it-it\/wp-json\/wp\/v2\/comments?post=1959"}],"version-history":[{"count":3,"href":"https:\/\/www.marellimotori.com\/it-it\/wp-json\/wp\/v2\/posts\/1959\/revisions"}],"predecessor-version":[{"id":1963,"href":"https:\/\/www.marellimotori.com\/it-it\/wp-json\/wp\/v2\/posts\/1959\/revisions\/1963"}],"wp:featuredmedia":[{"embeddable":true,"href":"https:\/\/www.marellimotori.com\/it-it\/wp-json\/wp\/v2\/media\/1964"}],"wp:attachment":[{"href":"https:\/\/www.marellimotori.com\/it-it\/wp-json\/wp\/v2\/media?parent=1959"}],"curies":[{"name":"wp","href":"https:\/\/api.w.org\/{rel}","templated":true}]}}