{"id":858,"date":"2023-07-27T09:57:58","date_gmt":"2023-07-27T09:57:58","guid":{"rendered":"https:\/\/www.marellimotori.com\/it-it\/?p=858"},"modified":"2023-09-05T10:07:37","modified_gmt":"2023-09-05T10:07:37","slug":"dichiarazione-di-bilancio-provvisoria-della-capogruppo-pubblicata-oggi","status":"publish","type":"post","link":"https:\/\/www.marellimotori.com\/it-it\/2023\/07\/27\/dichiarazione-di-bilancio-provvisoria-della-capogruppo-pubblicata-oggi\/","title":{"rendered":"Dichiarazione di Bilancio Provvisoria della Capogruppo Pubblicata Oggi"},"content":{"rendered":"<p>Langley Holdings plc, societ\u00e0 capogruppo di Marelli Motori Srl ha pubblicato oggi la sua Dichiarazione di Bilancio Provvisoria per i 6 mesi al 30 giugno, 2023.<\/p>\n<p>In un\u2019ottimistica Recensione del Presidente per le attivit\u00e0 della prima met\u00e0 anno, il Presidente &amp; CEO, Tony Langley, ha detto che il gruppo ha riportato un nuovo record di profitti prima delle tasse (PBT) per una prima met\u00e0 anno e ha continuato la ripresa post-pandemia.<\/p>\n<p>Il gruppo ha registrato profitti prima delle tasse pari a \u20ac52.2 milioni per i 6 mesi a giugno e prevede profitti prima delle tasse pari a \u20ac125 milioni per l\u2019intera annata su ricavi pari a \u20ac1.3 miliardi.<\/p>\n<p>Il patrimonio netto \u00e8 salito a \u20ac873.4 milioni, in crescita da \u20ac844.4 milioni al giugno 2022. La posizione di cassa consolidata era di \u20ac248.4 milioni.<\/p>\n<p>Per scaricare la Dichiarazione di Bilancio Provvisoria della Langley Holdings plc per i 6 mesi al 30 gugno 2023, inclusi i Dati Principali e la Recensione del Presidente, cliccare\u00a0<a href=\"https:\/\/www.langleyholdings.com\/it-IT\/documents\/8714\/interim-report-2023\/turner\"><u>qui<\/u><\/a>.<\/p>\n<p>Problemi durante il caricamento di PageTurner? Cliccare\u00a0<a href=\"https:\/\/www.langleyholdings.com\/it-IT\/documents\/8714\/interim-report-2023.pdf\"><u>qui\u00a0<\/u><\/a>per la versione PDF.<\/p>\n<p><strong>Riguardo Langley Holdings<\/strong><\/p>\n<p class=\"text-small\">Langley Holdings plc \u00e8 un gruppo ingegneristico e manifatturiero industriale privato inglese, che produce principalmente beni strumentali per differenti mercati in tutto il mondo. Le imprese di Langley o sono apertamente leader di mercato, o occupano solide posizioni di nicchia nei rispettivi settori, fornendo tecnologie avanzate con un approccio basato sulle soluzioni. Il gruppo opera in tre aree principali: Power Solutions, Print Technologies e Other Industrials. Le attivit\u00e0 principali del gruppo hanno sede in Germania, Italia, Francia, Regno Unito e Norvegia, con 18 impianti produttivi in Europa, Regno Unito e Stati Uniti. Il gruppo ha pi\u00f9 di 90 filiali di vendita e assistenza in tutto il mondo e impiega circa 5000 persone. Langley Holdings \u00e8 stata fondata nel 1975 dall&#8217;attuale Presidente e CEO, Anthony Langley e rimane interamente di propriet\u00e0 della famiglia.<\/p>\n","protected":false},"excerpt":{"rendered":"<p>Langley Holdings plc, societ\u00e0 capogruppo di Marelli Motori Srl ha pubblicato oggi la sua Dichiarazione di Bilancio Provvisoria per i 6 mesi al 30 giugno, 2023. In un\u2019ottimistica Recensione del Presidente per le attivit\u00e0 della prima met\u00e0 anno, il Presidente &amp; CEO, Tony Langley, ha detto che il gruppo ha riportato un nuovo record di [&hellip;]<\/p>\n","protected":false},"author":1,"featured_media":859,"comment_status":"closed","ping_status":"open","sticky":false,"template":"","format":"standard","meta":{"_acf_changed":false,"footnotes":""},"class_list":["post-858","post","type-post","status-publish","format-standard","has-post-thumbnail","hentry"],"acf":[],"yoast_head":"<!-- This site is optimized with the Yoast SEO plugin v25.4 - https:\/\/yoast.com\/wordpress\/plugins\/seo\/ -->\n<title>Dichiarazione di Bilancio Provvisoria della Capogruppo Pubblicata Oggi - Italiano<\/title>\n<meta name=\"robots\" content=\"index, follow, max-snippet:-1, max-image-preview:large, max-video-preview:-1\" \/>\n<link rel=\"canonical\" href=\"https:\/\/www.marellimotori.com\/it-it\/2023\/07\/27\/dichiarazione-di-bilancio-provvisoria-della-capogruppo-pubblicata-oggi\/\" \/>\n<meta property=\"og:locale\" content=\"it_IT\" \/>\n<meta property=\"og:type\" content=\"article\" \/>\n<meta property=\"og:title\" content=\"Dichiarazione di Bilancio Provvisoria della Capogruppo Pubblicata Oggi - Italiano\" \/>\n<meta property=\"og:description\" content=\"Langley Holdings plc, societ\u00e0 capogruppo di Marelli Motori Srl ha pubblicato oggi la sua Dichiarazione di Bilancio Provvisoria per i 6 mesi al 30 giugno, 2023. In un\u2019ottimistica Recensione del Presidente per le attivit\u00e0 della prima met\u00e0 anno, il Presidente &amp; CEO, Tony Langley, ha detto che il gruppo ha riportato un nuovo record di [&hellip;]\" \/>\n<meta property=\"og:url\" content=\"https:\/\/www.marellimotori.com\/it-it\/2023\/07\/27\/dichiarazione-di-bilancio-provvisoria-della-capogruppo-pubblicata-oggi\/\" \/>\n<meta property=\"og:site_name\" content=\"Italiano\" \/>\n<meta property=\"article:published_time\" content=\"2023-07-27T09:57:58+00:00\" \/>\n<meta property=\"article:modified_time\" content=\"2023-09-05T10:07:37+00:00\" \/>\n<meta property=\"og:image\" content=\"https:\/\/www.marellimotori.com\/it-it\/wp-content\/uploads\/sites\/2\/2023\/09\/2023-interim-thumbnail.png\" \/>\n\t<meta property=\"og:image:width\" content=\"625\" \/>\n\t<meta property=\"og:image:height\" content=\"520\" \/>\n\t<meta property=\"og:image:type\" content=\"image\/png\" \/>\n<meta name=\"author\" content=\"Marelli Motori\" \/>\n<meta name=\"twitter:card\" content=\"summary_large_image\" \/>\n<meta name=\"twitter:label1\" content=\"Written by\" \/>\n\t<meta name=\"twitter:data1\" content=\"Marelli Motori\" \/>\n\t<meta name=\"twitter:label2\" content=\"Est. reading time\" \/>\n\t<meta name=\"twitter:data2\" content=\"1 minute\" \/>\n<script type=\"application\/ld+json\" class=\"yoast-schema-graph\">{\"@context\":\"https:\/\/schema.org\",\"@graph\":[{\"@type\":\"Article\",\"@id\":\"https:\/\/www.marellimotori.com\/it-it\/2023\/07\/27\/dichiarazione-di-bilancio-provvisoria-della-capogruppo-pubblicata-oggi\/#article\",\"isPartOf\":{\"@id\":\"https:\/\/www.marellimotori.com\/it-it\/2023\/07\/27\/dichiarazione-di-bilancio-provvisoria-della-capogruppo-pubblicata-oggi\/\"},\"author\":{\"name\":\"Marelli Motori\",\"@id\":\"https:\/\/www.marellimotori.com\/it-it\/#\/schema\/person\/741bf17ace1b8ea4234a1c9fac985b70\"},\"headline\":\"Dichiarazione di Bilancio Provvisoria della Capogruppo Pubblicata Oggi\",\"datePublished\":\"2023-07-27T09:57:58+00:00\",\"dateModified\":\"2023-09-05T10:07:37+00:00\",\"mainEntityOfPage\":{\"@id\":\"https:\/\/www.marellimotori.com\/it-it\/2023\/07\/27\/dichiarazione-di-bilancio-provvisoria-della-capogruppo-pubblicata-oggi\/\"},\"wordCount\":300,\"publisher\":{\"@id\":\"https:\/\/www.marellimotori.com\/it-it\/#organization\"},\"image\":{\"@id\":\"https:\/\/www.marellimotori.com\/it-it\/2023\/07\/27\/dichiarazione-di-bilancio-provvisoria-della-capogruppo-pubblicata-oggi\/#primaryimage\"},\"thumbnailUrl\":\"https:\/\/www.marellimotori.com\/it-it\/wp-content\/uploads\/sites\/2\/2023\/09\/2023-interim-thumbnail.png\",\"inLanguage\":\"it-IT\"},{\"@type\":\"WebPage\",\"@id\":\"https:\/\/www.marellimotori.com\/it-it\/2023\/07\/27\/dichiarazione-di-bilancio-provvisoria-della-capogruppo-pubblicata-oggi\/\",\"url\":\"https:\/\/www.marellimotori.com\/it-it\/2023\/07\/27\/dichiarazione-di-bilancio-provvisoria-della-capogruppo-pubblicata-oggi\/\",\"name\":\"Dichiarazione di Bilancio Provvisoria della Capogruppo Pubblicata Oggi - Italiano\",\"isPartOf\":{\"@id\":\"https:\/\/www.marellimotori.com\/it-it\/#website\"},\"primaryImageOfPage\":{\"@id\":\"https:\/\/www.marellimotori.com\/it-it\/2023\/07\/27\/dichiarazione-di-bilancio-provvisoria-della-capogruppo-pubblicata-oggi\/#primaryimage\"},\"image\":{\"@id\":\"https:\/\/www.marellimotori.com\/it-it\/2023\/07\/27\/dichiarazione-di-bilancio-provvisoria-della-capogruppo-pubblicata-oggi\/#primaryimage\"},\"thumbnailUrl\":\"https:\/\/www.marellimotori.com\/it-it\/wp-content\/uploads\/sites\/2\/2023\/09\/2023-interim-thumbnail.png\",\"datePublished\":\"2023-07-27T09:57:58+00:00\",\"dateModified\":\"2023-09-05T10:07:37+00:00\",\"breadcrumb\":{\"@id\":\"https:\/\/www.marellimotori.com\/it-it\/2023\/07\/27\/dichiarazione-di-bilancio-provvisoria-della-capogruppo-pubblicata-oggi\/#breadcrumb\"},\"inLanguage\":\"it-IT\",\"potentialAction\":[{\"@type\":\"ReadAction\",\"target\":[\"https:\/\/www.marellimotori.com\/it-it\/2023\/07\/27\/dichiarazione-di-bilancio-provvisoria-della-capogruppo-pubblicata-oggi\/\"]}]},{\"@type\":\"ImageObject\",\"inLanguage\":\"it-IT\",\"@id\":\"https:\/\/www.marellimotori.com\/it-it\/2023\/07\/27\/dichiarazione-di-bilancio-provvisoria-della-capogruppo-pubblicata-oggi\/#primaryimage\",\"url\":\"https:\/\/www.marellimotori.com\/it-it\/wp-content\/uploads\/sites\/2\/2023\/09\/2023-interim-thumbnail.png\",\"contentUrl\":\"https:\/\/www.marellimotori.com\/it-it\/wp-content\/uploads\/sites\/2\/2023\/09\/2023-interim-thumbnail.png\",\"width\":625,\"height\":520},{\"@type\":\"BreadcrumbList\",\"@id\":\"https:\/\/www.marellimotori.com\/it-it\/2023\/07\/27\/dichiarazione-di-bilancio-provvisoria-della-capogruppo-pubblicata-oggi\/#breadcrumb\",\"itemListElement\":[{\"@type\":\"ListItem\",\"position\":1,\"name\":\"Home\",\"item\":\"https:\/\/www.marellimotori.com\/it-it\/\"},{\"@type\":\"ListItem\",\"position\":2,\"name\":\"Dichiarazione di Bilancio Provvisoria della Capogruppo Pubblicata Oggi\"}]},{\"@type\":\"WebSite\",\"@id\":\"https:\/\/www.marellimotori.com\/it-it\/#website\",\"url\":\"https:\/\/www.marellimotori.com\/it-it\/\",\"name\":\"Italiano\",\"description\":\"Italiano\",\"publisher\":{\"@id\":\"https:\/\/www.marellimotori.com\/it-it\/#organization\"},\"potentialAction\":[{\"@type\":\"SearchAction\",\"target\":{\"@type\":\"EntryPoint\",\"urlTemplate\":\"https:\/\/www.marellimotori.com\/it-it\/?s={search_term_string}\"},\"query-input\":{\"@type\":\"PropertyValueSpecification\",\"valueRequired\":true,\"valueName\":\"search_term_string\"}}],\"inLanguage\":\"it-IT\"},{\"@type\":\"Organization\",\"@id\":\"https:\/\/www.marellimotori.com\/it-it\/#organization\",\"name\":\"Italiano\",\"url\":\"https:\/\/www.marellimotori.com\/it-it\/\",\"logo\":{\"@type\":\"ImageObject\",\"inLanguage\":\"it-IT\",\"@id\":\"https:\/\/www.marellimotori.com\/it-it\/#\/schema\/logo\/image\/\",\"url\":\"https:\/\/www.marellimotori.com\/it-it\/wp-content\/uploads\/sites\/2\/2023\/09\/9254.jpeg\",\"contentUrl\":\"https:\/\/www.marellimotori.com\/it-it\/wp-content\/uploads\/sites\/2\/2023\/09\/9254.jpeg\",\"width\":1000,\"height\":1000,\"caption\":\"Italiano\"},\"image\":{\"@id\":\"https:\/\/www.marellimotori.com\/it-it\/#\/schema\/logo\/image\/\"}},{\"@type\":\"Person\",\"@id\":\"https:\/\/www.marellimotori.com\/it-it\/#\/schema\/person\/741bf17ace1b8ea4234a1c9fac985b70\",\"name\":\"Marelli Motori\",\"image\":{\"@type\":\"ImageObject\",\"inLanguage\":\"it-IT\",\"@id\":\"https:\/\/www.marellimotori.com\/it-it\/#\/schema\/person\/image\/\",\"url\":\"https:\/\/secure.gravatar.com\/avatar\/a3f819c94ee13c6efc2c70434ebbab17249a080de90fc85b4367ef36f889f089?s=96&d=mm&r=g\",\"contentUrl\":\"https:\/\/secure.gravatar.com\/avatar\/a3f819c94ee13c6efc2c70434ebbab17249a080de90fc85b4367ef36f889f089?s=96&d=mm&r=g\",\"caption\":\"Marelli Motori\"},\"sameAs\":[\"http:\/\/www.marellimotori.com\"],\"url\":\"https:\/\/www.marellimotori.com\/it-it\/author\/fwk_digital\/\"}]}<\/script>\n<!-- \/ Yoast SEO plugin. -->","yoast_head_json":{"title":"Dichiarazione di Bilancio Provvisoria della Capogruppo Pubblicata Oggi - Italiano","robots":{"index":"index","follow":"follow","max-snippet":"max-snippet:-1","max-image-preview":"max-image-preview:large","max-video-preview":"max-video-preview:-1"},"canonical":"https:\/\/www.marellimotori.com\/it-it\/2023\/07\/27\/dichiarazione-di-bilancio-provvisoria-della-capogruppo-pubblicata-oggi\/","og_locale":"it_IT","og_type":"article","og_title":"Dichiarazione di Bilancio Provvisoria della Capogruppo Pubblicata Oggi - Italiano","og_description":"Langley Holdings plc, societ\u00e0 capogruppo di Marelli Motori Srl ha pubblicato oggi la sua Dichiarazione di Bilancio Provvisoria per i 6 mesi al 30 giugno, 2023. In un\u2019ottimistica Recensione del Presidente per le attivit\u00e0 della prima met\u00e0 anno, il Presidente &amp; CEO, Tony Langley, ha detto che il gruppo ha riportato un nuovo record di [&hellip;]","og_url":"https:\/\/www.marellimotori.com\/it-it\/2023\/07\/27\/dichiarazione-di-bilancio-provvisoria-della-capogruppo-pubblicata-oggi\/","og_site_name":"Italiano","article_published_time":"2023-07-27T09:57:58+00:00","article_modified_time":"2023-09-05T10:07:37+00:00","og_image":[{"width":625,"height":520,"url":"https:\/\/www.marellimotori.com\/it-it\/wp-content\/uploads\/sites\/2\/2023\/09\/2023-interim-thumbnail.png","type":"image\/png"}],"author":"Marelli Motori","twitter_card":"summary_large_image","twitter_misc":{"Written by":"Marelli Motori","Est. reading time":"1 minute"},"schema":{"@context":"https:\/\/schema.org","@graph":[{"@type":"Article","@id":"https:\/\/www.marellimotori.com\/it-it\/2023\/07\/27\/dichiarazione-di-bilancio-provvisoria-della-capogruppo-pubblicata-oggi\/#article","isPartOf":{"@id":"https:\/\/www.marellimotori.com\/it-it\/2023\/07\/27\/dichiarazione-di-bilancio-provvisoria-della-capogruppo-pubblicata-oggi\/"},"author":{"name":"Marelli Motori","@id":"https:\/\/www.marellimotori.com\/it-it\/#\/schema\/person\/741bf17ace1b8ea4234a1c9fac985b70"},"headline":"Dichiarazione di Bilancio Provvisoria della Capogruppo Pubblicata Oggi","datePublished":"2023-07-27T09:57:58+00:00","dateModified":"2023-09-05T10:07:37+00:00","mainEntityOfPage":{"@id":"https:\/\/www.marellimotori.com\/it-it\/2023\/07\/27\/dichiarazione-di-bilancio-provvisoria-della-capogruppo-pubblicata-oggi\/"},"wordCount":300,"publisher":{"@id":"https:\/\/www.marellimotori.com\/it-it\/#organization"},"image":{"@id":"https:\/\/www.marellimotori.com\/it-it\/2023\/07\/27\/dichiarazione-di-bilancio-provvisoria-della-capogruppo-pubblicata-oggi\/#primaryimage"},"thumbnailUrl":"https:\/\/www.marellimotori.com\/it-it\/wp-content\/uploads\/sites\/2\/2023\/09\/2023-interim-thumbnail.png","inLanguage":"it-IT"},{"@type":"WebPage","@id":"https:\/\/www.marellimotori.com\/it-it\/2023\/07\/27\/dichiarazione-di-bilancio-provvisoria-della-capogruppo-pubblicata-oggi\/","url":"https:\/\/www.marellimotori.com\/it-it\/2023\/07\/27\/dichiarazione-di-bilancio-provvisoria-della-capogruppo-pubblicata-oggi\/","name":"Dichiarazione di Bilancio Provvisoria della Capogruppo Pubblicata Oggi - Italiano","isPartOf":{"@id":"https:\/\/www.marellimotori.com\/it-it\/#website"},"primaryImageOfPage":{"@id":"https:\/\/www.marellimotori.com\/it-it\/2023\/07\/27\/dichiarazione-di-bilancio-provvisoria-della-capogruppo-pubblicata-oggi\/#primaryimage"},"image":{"@id":"https:\/\/www.marellimotori.com\/it-it\/2023\/07\/27\/dichiarazione-di-bilancio-provvisoria-della-capogruppo-pubblicata-oggi\/#primaryimage"},"thumbnailUrl":"https:\/\/www.marellimotori.com\/it-it\/wp-content\/uploads\/sites\/2\/2023\/09\/2023-interim-thumbnail.png","datePublished":"2023-07-27T09:57:58+00:00","dateModified":"2023-09-05T10:07:37+00:00","breadcrumb":{"@id":"https:\/\/www.marellimotori.com\/it-it\/2023\/07\/27\/dichiarazione-di-bilancio-provvisoria-della-capogruppo-pubblicata-oggi\/#breadcrumb"},"inLanguage":"it-IT","potentialAction":[{"@type":"ReadAction","target":["https:\/\/www.marellimotori.com\/it-it\/2023\/07\/27\/dichiarazione-di-bilancio-provvisoria-della-capogruppo-pubblicata-oggi\/"]}]},{"@type":"ImageObject","inLanguage":"it-IT","@id":"https:\/\/www.marellimotori.com\/it-it\/2023\/07\/27\/dichiarazione-di-bilancio-provvisoria-della-capogruppo-pubblicata-oggi\/#primaryimage","url":"https:\/\/www.marellimotori.com\/it-it\/wp-content\/uploads\/sites\/2\/2023\/09\/2023-interim-thumbnail.png","contentUrl":"https:\/\/www.marellimotori.com\/it-it\/wp-content\/uploads\/sites\/2\/2023\/09\/2023-interim-thumbnail.png","width":625,"height":520},{"@type":"BreadcrumbList","@id":"https:\/\/www.marellimotori.com\/it-it\/2023\/07\/27\/dichiarazione-di-bilancio-provvisoria-della-capogruppo-pubblicata-oggi\/#breadcrumb","itemListElement":[{"@type":"ListItem","position":1,"name":"Home","item":"https:\/\/www.marellimotori.com\/it-it\/"},{"@type":"ListItem","position":2,"name":"Dichiarazione di Bilancio Provvisoria della Capogruppo Pubblicata Oggi"}]},{"@type":"WebSite","@id":"https:\/\/www.marellimotori.com\/it-it\/#website","url":"https:\/\/www.marellimotori.com\/it-it\/","name":"Italiano","description":"Italiano","publisher":{"@id":"https:\/\/www.marellimotori.com\/it-it\/#organization"},"potentialAction":[{"@type":"SearchAction","target":{"@type":"EntryPoint","urlTemplate":"https:\/\/www.marellimotori.com\/it-it\/?s={search_term_string}"},"query-input":{"@type":"PropertyValueSpecification","valueRequired":true,"valueName":"search_term_string"}}],"inLanguage":"it-IT"},{"@type":"Organization","@id":"https:\/\/www.marellimotori.com\/it-it\/#organization","name":"Italiano","url":"https:\/\/www.marellimotori.com\/it-it\/","logo":{"@type":"ImageObject","inLanguage":"it-IT","@id":"https:\/\/www.marellimotori.com\/it-it\/#\/schema\/logo\/image\/","url":"https:\/\/www.marellimotori.com\/it-it\/wp-content\/uploads\/sites\/2\/2023\/09\/9254.jpeg","contentUrl":"https:\/\/www.marellimotori.com\/it-it\/wp-content\/uploads\/sites\/2\/2023\/09\/9254.jpeg","width":1000,"height":1000,"caption":"Italiano"},"image":{"@id":"https:\/\/www.marellimotori.com\/it-it\/#\/schema\/logo\/image\/"}},{"@type":"Person","@id":"https:\/\/www.marellimotori.com\/it-it\/#\/schema\/person\/741bf17ace1b8ea4234a1c9fac985b70","name":"Marelli Motori","image":{"@type":"ImageObject","inLanguage":"it-IT","@id":"https:\/\/www.marellimotori.com\/it-it\/#\/schema\/person\/image\/","url":"https:\/\/secure.gravatar.com\/avatar\/a3f819c94ee13c6efc2c70434ebbab17249a080de90fc85b4367ef36f889f089?s=96&d=mm&r=g","contentUrl":"https:\/\/secure.gravatar.com\/avatar\/a3f819c94ee13c6efc2c70434ebbab17249a080de90fc85b4367ef36f889f089?s=96&d=mm&r=g","caption":"Marelli Motori"},"sameAs":["http:\/\/www.marellimotori.com"],"url":"https:\/\/www.marellimotori.com\/it-it\/author\/fwk_digital\/"}]}},"_links":{"self":[{"href":"https:\/\/www.marellimotori.com\/it-it\/wp-json\/wp\/v2\/posts\/858","targetHints":{"allow":["GET"]}}],"collection":[{"href":"https:\/\/www.marellimotori.com\/it-it\/wp-json\/wp\/v2\/posts"}],"about":[{"href":"https:\/\/www.marellimotori.com\/it-it\/wp-json\/wp\/v2\/types\/post"}],"author":[{"embeddable":true,"href":"https:\/\/www.marellimotori.com\/it-it\/wp-json\/wp\/v2\/users\/1"}],"replies":[{"embeddable":true,"href":"https:\/\/www.marellimotori.com\/it-it\/wp-json\/wp\/v2\/comments?post=858"}],"version-history":[{"count":3,"href":"https:\/\/www.marellimotori.com\/it-it\/wp-json\/wp\/v2\/posts\/858\/revisions"}],"predecessor-version":[{"id":864,"href":"https:\/\/www.marellimotori.com\/it-it\/wp-json\/wp\/v2\/posts\/858\/revisions\/864"}],"wp:featuredmedia":[{"embeddable":true,"href":"https:\/\/www.marellimotori.com\/it-it\/wp-json\/wp\/v2\/media\/859"}],"wp:attachment":[{"href":"https:\/\/www.marellimotori.com\/it-it\/wp-json\/wp\/v2\/media?parent=858"}],"curies":[{"name":"wp","href":"https:\/\/api.w.org\/{rel}","templated":true}]}}